{"id":836,"date":"2024-01-29T08:00:58","date_gmt":"2024-01-29T08:00:58","guid":{"rendered":"https:\/\/poyesis.fr\/blogs\/?p=836"},"modified":"2025-02-03T07:57:44","modified_gmt":"2025-02-03T07:57:44","slug":"data-act-une-entree-en-force-sur-le-marche-des-donnees-europeen","status":"publish","type":"post","link":"https:\/\/poyesis.fr\/blogs\/data-act-une-entree-en-force-sur-le-marche-des-donnees-europeen\/","title":{"rendered":"Data Act : une entr\u00e9e en force sur le march\u00e9 des donn\u00e9es europ\u00e9en"},"content":{"rendered":"<p>Apr\u00e8s le r\u00e8glement g\u00e9n\u00e9ral sur la protection des donn\u00e9es (RGPD).<\/p>\n<p>Le Digital Market Act (DMA).<\/p>\n<p>Le Digital Services Act (DSA).<\/p>\n<p>Et l\u2019European Data Governance act.<\/p>\n<p>La commission europ\u00e9enne a encore frapp\u00e9 un grand coup avec <a href=\"https:\/\/digital-strategy.ec.europa.eu\/fr\/news\/european-data-act-enters-force-putting-place-new-rules-fair-and-innovative-data-economy#:~:text=Le%20r%C3%A8glement%20sur%20les%20donn%C3%A9es%20compl%C3%A8te%20l'%20acte%20sur%20la,particuliers%20et%20le%20secteur%20public.\" target=\"_blank\" rel=\"noopener\">l\u2019entr\u00e9e en vigueur du Data Act le 11 janvier 2024<\/a>.<\/p>\n<p>En discussion depuis 2022, il instaure de nouvelles lois d\u00e9finissant les droits d\u2019acc\u00e8s et d\u2019utilisation des donn\u00e9es europ\u00e9ennes.<\/p>\n<p>En parcourant le texte, on remarque assez vite que l\u2019accent est mis sur deux types de donn\u00e9es informatiques\u00a0:<\/p>\n<ul>\n<li aria-level=\"1\">les donn\u00e9es industrielles\u00a0;<\/li>\n<li aria-level=\"1\">et les donn\u00e9es g\u00e9n\u00e9r\u00e9es par les objets connect\u00e9s.<\/li>\n<\/ul>\n<p>Le Data Act est une extension du Governance Data Act. L\u00e0 o\u00f9 le 1\u1d49\u02b3 cr\u00e9\u00e9 les processus et les structures pour faciliter le partage des donn\u00e9es entreprises-consommateurs-\u00e9tats, le deuxi\u00e8me pr\u00e9cise qui peut traiter lesdites donn\u00e9es.<\/p>\n<p>Autrement dit, qui peut les utiliser pour cr\u00e9er de la valeur, et comment.<\/p>\n<p>La commission va m\u00eame plus loin sur son site web en montrant comment <a href=\"https:\/\/poyesis.fr\/blogs\/comment-proteger-vos-donnees-de-sante-des-cyberpirates\/\">les donn\u00e9es de sant\u00e9<\/a> vont en b\u00e9n\u00e9ficier. On note\u00a0:<\/p>\n<ul>\n<li aria-level=\"1\">l\u2019am\u00e9lioration des traitements personnalis\u00e9s\u00a0;<\/li>\n<li aria-level=\"1\">la fourniture de meilleurs soins de sant\u00e9\u00a0;<\/li>\n<li aria-level=\"1\">120 milliards d\u2019euros d\u2019\u00e9conomies annuels pour les professionnels Europ\u00e9ens de la sant\u00e9.<\/li>\n<\/ul>\n<p>Le texte doit entrer en vigueur dans vingt mois, soit le 11 septembre 2025.<\/p>\n<h2>Des objectifs ambitieux<\/h2>\n<p>Le moins que l\u2019on puisse dire, c\u2019est que les 27 sont extr\u00eamement ambitieux via le Data Act.<\/p>\n<p>Pour vous faire une id\u00e9e, voici quelques-uns de ses objectifs\u00a0:<\/p>\n<ul>\n<li aria-level=\"1\">stimuler le d\u00e9veloppement d\u2019un march\u00e9 europ\u00e9en des donn\u00e9es concurrentiel, ce qui se traduirait par la cr\u00e9ation de plus de services innovants et par l\u2019am\u00e9lioration de la comp\u00e9titivit\u00e9 des SAV\u00a0;<\/li>\n<li aria-level=\"1\">la protection des entreprises de toutes tailles contre les demandes ill\u00e9gales de transfert ou d\u2019acc\u00e8s \u00e0 des donn\u00e9es non personnelles par des pays tiers. <a href=\"https:\/\/poyesis.fr\/blogs\/rgpd-vs-cloud-act-heberger-vos-donnees-chez-aws-france-est-une-bonne-idee\/\">Un point de plus pour lutter contre le cloud Act am\u00e9ricain<\/a>\u00a0;<\/li>\n<li aria-level=\"1\">garantir l\u2019\u00e9quit\u00e9 sur le march\u00e9 des donn\u00e9es num\u00e9riques\u00a0;<\/li>\n<li aria-level=\"1\">prot\u00e9ger les entreprises europ\u00e9ennes contre les clauses contractuelles abusives dans les contrats de partage des donn\u00e9es. Ce qui permettra aux PME de prendre davantage part au march\u00e9 des donn\u00e9es.<\/li>\n<\/ul>\n<p><a href=\"https:\/\/digital-strategy.ec.europa.eu\/en\/news\/european-data-act-enters-force-putting-place-new-rules-fair-and-innovative-data-economy\" target=\"_blank\" rel=\"noopener\">Pour citer Margrethe Vestager<\/a>, la vice-pr\u00e9sidente ex\u00e9cutive pour une Europe adapt\u00e9e \u00e0 l\u2019\u00e8re du num\u00e9rique.<\/p>\n<figure id=\"attachment_838\" aria-describedby=\"caption-attachment-838\" style=\"width: 800px\" class=\"wp-caption aligncenter\"><img fetchpriority=\"high\" decoding=\"async\" class=\"size-full wp-image-838\" src=\"https:\/\/poyesis.fr\/blogs\/wp-content\/uploads\/2024\/01\/Margrethe-Vestager.png\" alt=\"Margrethe Vestager - vice-pr\u00e9sidente ex\u00e9cutive pour une Europe adapt\u00e9e \u00e0 l\u2019\u00e8re du num\u00e9rique\" width=\"800\" height=\"450\" srcset=\"https:\/\/poyesis.fr\/wp-content\/uploads\/2024\/01\/Margrethe-Vestager.png 800w, https:\/\/poyesis.fr\/wp-content\/uploads\/2024\/01\/Margrethe-Vestager-300x169.png 300w, https:\/\/poyesis.fr\/wp-content\/uploads\/2024\/01\/Margrethe-Vestager-768x432.png 768w, https:\/\/poyesis.fr\/wp-content\/uploads\/2024\/01\/Margrethe-Vestager-750x422.png 750w\" sizes=\"(max-width: 800px) 100vw, 800px\" \/><figcaption id=\"caption-attachment-838\" class=\"wp-caption-text\">Margrethe Vestager &#8211; vice-pr\u00e9sidente ex\u00e9cutive pour une Europe adapt\u00e9e \u00e0 l\u2019\u00e8re du num\u00e9rique<\/figcaption><\/figure>\n<p>\u201c<i>Aujourd\u2019hui marque une \u00e9tape cl\u00e9 de notre transformation num\u00e9rique. Gr\u00e2ce \u00e0 une l\u00e9gislation bien d\u00e9finie sur les donn\u00e9es, nous donnons \u00e0 l\u2019utilisateur le contr\u00f4le du partage des donn\u00e9es g\u00e9n\u00e9r\u00e9es par ses appareils connect\u00e9s, tout en assurant la protection des secrets commerciaux et en sauvegardant le droit fondamental europ\u00e9en \u00e0 la vie priv\u00e9e<\/i>\u201d.<\/p>\n<p>Si ces lois rendent les Europ\u00e9ens fous de joies, il y en a qui risquent de moins l\u2019appr\u00e9cier.<\/p>\n<h2>De nouvelles r\u00e8gles difficiles \u00e0 avaler pour les fournisseurs de service cloud computing non-Europ\u00e9ens<\/h2>\n<p>Apple et les r\u00e8gles de l\u2019UE, c\u2019est tout, sauf une histoire d\u2019amour.<\/p>\n<p>On a encore en t\u00eate <a href=\"https:\/\/www.jeuxvideo.com\/news\/1845978\/apple-dans-quelques-jours-l-app-store-tel-que-vous-le-connaissez-va-radicalement-changer-et-c-est-une-excellente-nouvelle-pour-les-possesseurs-d-iphone-europeens.htm\" target=\"_blank\" rel=\"noopener\">la lev\u00e9e prochaine de son monopole sur l\u2019app store (europ\u00e9en)<\/a> \u2013 Apple interdisait \u00e0 des magasins d\u2019applications tiers d\u2019y proposer des applications \u2013, ou encore l\u2019affaire du port lightning.<\/p>\n<p>Clairement, ce texte ne va pas les rapprocher.<\/p>\n<p>En effet, les fournisseurs de services de Cloud Computing \u2013 IaaS, PaaS et SaaS \u2013 sont maintenant oblig\u00e9s de\u00a0:<\/p>\n<ul>\n<li aria-level=\"1\">Fournir un droit de changement de prestataire par la suppression d\u2019obstacles \u2013 autrement dit, le quasi-monopole d\u2019iCloud sur l\u2019iPhone risque d\u2019y laisser des plumes\u00a0;<\/li>\n<li aria-level=\"1\">Apr\u00e8s renouvellement, le client peut faire jouer son droit au \u00ab\u00a0portage (de ses) donn\u00e9es exportables et (de ses) actifs num\u00e9riques, (\u2026) y compris apr\u00e8s avoir b\u00e9n\u00e9fici\u00e9 d\u2019une offre gratuite\u00a0\u00bb\u202f;<\/li>\n<li aria-level=\"1\">Fournir, en cas exceptionnel, l&rsquo;acc\u00e8s aux donn\u00e9es personnelles des consommateurs Europ\u00e9ens aux organismes du secteur public.<\/li>\n<\/ul>\n<p>Attention toutefois\u00a0: bien que l\u2019on ait pris l\u2019exemple d\u2019Apple, ce n\u2019est pas la seule soci\u00e9t\u00e9 technologique dans le viseur de l\u2019UE.<\/p>\n<p>Amazon Web Services, Microsoft Azure, Google Cloud, <a href=\"https:\/\/www.silicon.fr\/cloud-en-france-les-3-hyperscalers-poursuivent-leur-croissance-470283.html\" target=\"_blank\" rel=\"noopener\">qui \u00e0 eux trois contr\u00f4lent 70 % du march\u00e9 fran\u00e7ais vont aussi prendre cher.<\/a> OVH cloud, Scaleway, 3D Outscale pour ne citer que ces champions de l\u2019h\u00e9bergement web fran\u00e7ais vont tirer parti du Data Act.<\/p>\n<h2>Des Europ\u00e9ens de plus en plus ma\u00eetres de leurs donn\u00e9es personnelles<\/h2>\n<p>Clairement, les donn\u00e9es personnelles g\u00e9n\u00e9r\u00e9es par les p\u00e9riph\u00e9riques connect\u00e9s sont les plus concern\u00e9es par ce texte.<\/p>\n<p>Mais toutes les autres le sont aussi.<\/p>\n<p>Ainsi, le Data Act ajoute de nouvelles obligations aux entreprises tierces qui traitent les donn\u00e9es des internautes Europ\u00e9ens\u00a0:<\/p>\n<ul>\n<li aria-level=\"1\">l\u2019utilisation des donn\u00e9es re\u00e7ues uniquement dans le cadre de l\u2019usage agr\u00e9\u00e9 par l\u2019utilisateur, et leur suppression lorsqu\u2019elles ne sont plus n\u00e9cessaires\u00a0;<\/li>\n<li aria-level=\"1\">l\u2019interdiction de rendre les donn\u00e9es disponibles \u00e0 <a href=\"https:\/\/ec.europa.eu\/commission\/presscorner\/detail\/en\/STATEMENT_23_3674\" target=\"_blank\" rel=\"noopener\">une organisation class\u00e9es comme Gatekeeper dans le cadre du Digital Market Act (DMA)<\/a> \u2013 Amazon, Alphabet, ByteDance (TikTok), Meta, Microsoft, Samsung et Apple\u00a0;<\/li>\n<li aria-level=\"1\">ne pas utiliser les donn\u00e9es de fa\u00e7on \u00e0 constituer un risque pour la s\u00e9curit\u00e9 des produits connect\u00e9s\u00a0;<\/li>\n<li aria-level=\"1\">ne pas emp\u00eacher l\u2019utilisateur-consommateur de mettre ses donn\u00e9es personnelles \u00e0 la disposition d\u2019autres parties.<\/li>\n<\/ul>\n<p>De plus, les micros et les petites entreprises ont \u00e9t\u00e9 exclus de ces nouvelles obligations de partage de donn\u00e9es.<\/p>\n<p>De l\u00e0 \u00e0 dire qu\u2019il s\u2019agit de lois anti-trust visant les g\u00e9ants de la technologie outre-atlantique, il n\u2019y a qu\u2019un pas.<\/p>\n","protected":false},"excerpt":{"rendered":"<p>Apr\u00e8s le r\u00e8glement g\u00e9n\u00e9ral sur la protection des donn\u00e9es (RGPD). Le Digital Market Act (DMA). Le Digital Services Act (DSA). Et l\u2019European Data Governance act. La commission europ\u00e9enne a encore frapp\u00e9 un grand coup avec l\u2019entr\u00e9e en vigueur du Data Act le 11 janvier 2024. En discussion depuis 2022, il instaure de nouvelles lois d\u00e9finissant [&hellip;]<\/p>\n","protected":false},"author":1,"featured_media":837,"comment_status":"closed","ping_status":"open","sticky":false,"template":"","format":"standard","meta":{"jnews-multi-image_gallery":[],"jnews_single_post":{"format":"standard","override":[{"template":"7","single_blog_custom":"553","parallax":"1","fullscreen":"1","layout":"no-sidebar-narrow","sidebar":"default-sidebar","second_sidebar":"default-sidebar","sticky_sidebar":"1","share_position":"floatbottom","share_float_style":"share-normal","show_share_counter":"1","show_view_counter":"1","show_featured":"1","show_post_meta":"1","show_post_author":"1","show_post_author_image":"1","show_post_date":"1","post_date_format":"default","post_date_format_custom":"Y\/m\/d","show_post_category":"1","post_reading_time_wpm":"300","post_calculate_word_method":"str_word_count","show_zoom_button":"0","zoom_button_out_step":"2","zoom_button_in_step":"3","number_popup_post":"1","show_post_related":"1"}],"image_override":[{"single_post_thumbnail_size":"crop-500","single_post_gallery_size":"crop-500"}],"trending_post_position":"meta","trending_post_label":"Trending","sponsored_post_label":"Sponsored by","disable_ad":"0","subtitle":""},"jnews_primary_category":[],"jnews_override_bookmark_settings":{"override_bookmark_button":"0","override_show_bookmark_button":"0"},"jnews_override_counter":{"view_counter_number":"0","share_counter_number":"0","like_counter_number":"0","dislike_counter_number":"0"},"footnotes":""},"categories":[113,28],"tags":[147,202,203,204,205,206],"class_list":["post-836","post","type-post","status-publish","format-standard","has-post-thumbnail","hentry","category-actualite","category-business","tag-cloud-act","tag-data-act","tag-europeens","tag-governance-data-act","tag-protection-des-donnees","tag-union-europeenne"],"aioseo_notices":[],"_links":{"self":[{"href":"https:\/\/poyesis.fr\/blogs\/wp-json\/wp\/v2\/posts\/836","targetHints":{"allow":["GET"]}}],"collection":[{"href":"https:\/\/poyesis.fr\/blogs\/wp-json\/wp\/v2\/posts"}],"about":[{"href":"https:\/\/poyesis.fr\/blogs\/wp-json\/wp\/v2\/types\/post"}],"author":[{"embeddable":true,"href":"https:\/\/poyesis.fr\/blogs\/wp-json\/wp\/v2\/users\/1"}],"replies":[{"embeddable":true,"href":"https:\/\/poyesis.fr\/blogs\/wp-json\/wp\/v2\/comments?post=836"}],"version-history":[{"count":1,"href":"https:\/\/poyesis.fr\/blogs\/wp-json\/wp\/v2\/posts\/836\/revisions"}],"predecessor-version":[{"id":1188,"href":"https:\/\/poyesis.fr\/blogs\/wp-json\/wp\/v2\/posts\/836\/revisions\/1188"}],"wp:featuredmedia":[{"embeddable":true,"href":"https:\/\/poyesis.fr\/blogs\/wp-json\/wp\/v2\/media\/837"}],"wp:attachment":[{"href":"https:\/\/poyesis.fr\/blogs\/wp-json\/wp\/v2\/media?parent=836"}],"wp:term":[{"taxonomy":"category","embeddable":true,"href":"https:\/\/poyesis.fr\/blogs\/wp-json\/wp\/v2\/categories?post=836"},{"taxonomy":"post_tag","embeddable":true,"href":"https:\/\/poyesis.fr\/blogs\/wp-json\/wp\/v2\/tags?post=836"}],"curies":[{"name":"wp","href":"https:\/\/api.w.org\/{rel}","templated":true}]}}